{"id":52,"date":"2010-08-29T18:08:21","date_gmt":"2010-08-29T22:08:21","guid":{"rendered":"http:\/\/www.alsurdelmundo.cl\/blog\/archives\/52"},"modified":"2010-09-05T18:12:04","modified_gmt":"2010-09-05T22:12:04","slug":"kawesqar","status":"publish","type":"post","link":"https:\/\/www.alsurdelmundo.cl\/blog\/archives\/52","title":{"rendered":"Kawesqar"},"content":{"rendered":"<div>\n<div>\n<div>\n<p>En Puerto Ed\u00e9n viven ocho kawesqar que a\u00fan hablan su lengua. Son los \u00faltimos descendientes de un pueblo m\u00edtico que domestic\u00f3 los vientos, la lluvia eterna y el fr\u00edo para vivir miles de a\u00f1os en la patagonia occidental en una estrecha e indisoluble relaci\u00f3n con el mar.\u00a0 Fueron y contin\u00faan siendo en el documental \u201clos viajeros del mar\u201d.\u00a0 Vimos a don Pancho Arroyo construir una canoa del tronco de un \u00e1rbol y lo acompa\u00f1amos junto a Gabriela Paterito, sus hijos y Ra\u00fal Ed\u00e9n en una navegaci\u00f3n que los llev\u00f3 a la infancia, a campamentos de los abuelos, a reconstruir su casa c\u00fapula y a lejanos territorios ancestrales.\u00a0<\/p>\n<p>Participaron en el viaje y la reflexi\u00f3n sobre su pasado y presente: Francisco Arroyo, Gabriela Paterito, Ra\u00fal Eden, Jos\u00e9 Tonko, Juan Carlos Tonko, Oscar Aguilera y Eugenio Aspillaga.<\/p>\n<\/div>\n<div>\u00a0<\/div>\n<\/div>\n<\/div>\n","protected":false},"excerpt":{"rendered":"<p>En Puerto Ed\u00e9n viven ocho kawesqar que a\u00fan hablan su lengua. Son los \u00faltimos descendientes de un pueblo m\u00edtico que domestic\u00f3 los vientos, la lluvia eterna y el fr\u00edo para vivir miles de a\u00f1os en la patagonia occidental en una estrecha e indisoluble relaci\u00f3n con el mar.\u00a0 Fueron y contin\u00faan siendo en el documental \u201clos [&hellip;]<\/p>\n","protected":false},"author":1,"featured_media":0,"comment_status":"open","ping_status":"open","sticky":false,"template":"","format":"standard","meta":{"footnotes":""},"categories":[1],"tags":[],"_links":{"self":[{"href":"https:\/\/www.alsurdelmundo.cl\/blog\/wp-json\/wp\/v2\/posts\/52"}],"collection":[{"href":"https:\/\/www.alsurdelmundo.cl\/blog\/wp-json\/wp\/v2\/posts"}],"about":[{"href":"https:\/\/www.alsurdelmundo.cl\/blog\/wp-json\/wp\/v2\/types\/post"}],"author":[{"embeddable":true,"href":"https:\/\/www.alsurdelmundo.cl\/blog\/wp-json\/wp\/v2\/users\/1"}],"replies":[{"embeddable":true,"href":"https:\/\/www.alsurdelmundo.cl\/blog\/wp-json\/wp\/v2\/comments?post=52"}],"version-history":[{"count":2,"href":"https:\/\/www.alsurdelmundo.cl\/blog\/wp-json\/wp\/v2\/posts\/52\/revisions"}],"predecessor-version":[{"id":56,"href":"https:\/\/www.alsurdelmundo.cl\/blog\/wp-json\/wp\/v2\/posts\/52\/revisions\/56"}],"wp:attachment":[{"href":"https:\/\/www.alsurdelmundo.cl\/blog\/wp-json\/wp\/v2\/media?parent=52"}],"wp:term":[{"taxonomy":"category","embeddable":true,"href":"https:\/\/www.alsurdelmundo.cl\/blog\/wp-json\/wp\/v2\/categories?post=52"},{"taxonomy":"post_tag","embeddable":true,"href":"https:\/\/www.alsurdelmundo.cl\/blog\/wp-json\/wp\/v2\/tags?post=52"}],"curies":[{"name":"wp","href":"https:\/\/api.w.org\/{rel}","templated":true}]}}